[{"@context":"https:\/\/schema.org\/","@type":"Article","@id":"https:\/\/www.colibra.cz\/chlebicky-jako-perla-ceske-kuchyne\/#Article","mainEntityOfPage":"https:\/\/www.colibra.cz\/chlebicky-jako-perla-ceske-kuchyne\/","headline":"Chleb\u00ed\u010dky jako perla \u010desk\u00e9 kuchyn\u011b","name":"Chleb\u00ed\u010dky jako perla \u010desk\u00e9 kuchyn\u011b","description":"Mnoho \u010desk\u00fdch j\u00eddel nen\u00ed zrovna vrcholem kr\u00e1sn\u00e9 prezentace. Co ztr\u00e1c\u00ed na prezentaci, doh\u00e1n\u00ed svou v\u00fdte\u010dnou chut\u00ed. Ale n\u011bkter\u00e9 j\u00eddla jsou &hellip; ","datePublished":"2023-12-28","dateModified":"2023-12-28","author":{"@type":"Person","@id":"https:\/\/www.colibra.cz\/author\/#Person","name":"","url":"https:\/\/www.colibra.cz\/author\/","identifier":1,"image":{"@type":"ImageObject","@id":"https:\/\/secure.gravatar.com\/avatar\/d81a95b988e562d8ac0fc1eb5578e43f924bf78e85c5259f0dcab44a306610fa?s=96&d=mm&r=g","url":"https:\/\/secure.gravatar.com\/avatar\/d81a95b988e562d8ac0fc1eb5578e43f924bf78e85c5259f0dcab44a306610fa?s=96&d=mm&r=g","height":96,"width":96}},"publisher":{"@type":"Organization","name":"colibra.cz","logo":{"@type":"ImageObject","@id":"\/logo.png","url":"\/logo.png","width":600,"height":60}},"image":{"@type":"ImageObject","@id":"https:\/\/www.colibra.cz\/wp-content\/uploads\/olive-oil-3905388_640.jpg","url":"https:\/\/www.colibra.cz\/wp-content\/uploads\/olive-oil-3905388_640.jpg","height":0,"width":0},"url":"https:\/\/www.colibra.cz\/chlebicky-jako-perla-ceske-kuchyne\/","about":["\u017divotn\u00ed styl"],"wordCount":393,"articleBody":"Mnoho \u010desk\u00fdch j\u00eddel nen\u00ed zrovna vrcholem kr\u00e1sn\u00e9 prezentace. Co ztr\u00e1c\u00ed na prezentaci, doh\u00e1n\u00ed svou v\u00fdte\u010dnou chut\u00ed. Ale n\u011bkter\u00e9 j\u00eddla jsou speci\u00e1ln\u00ed pr\u00e1v\u011b v\u00a0tom, \u017ee prezentace je tvo\u0159\u00ed naprosto jedine\u010dn\u00fdmi. A to jsou pr\u00e1v\u011b na\u0161e \u010desk\u00e9 chleb\u00ed\u010dky.Sva\u010dinka a poho\u0161t\u011bn\u00ed snad na v\u0161echny r\u016fzn\u00e9 slavnosti, kter\u00e9 zn\u00e1me. Narozeniny, Silvestr, V\u00e1noce, Velikonoce. U v\u0161ech t\u011bchto oslav je t\u00e9m\u011b\u0159 typick\u00e9, \u017ee se jako poho\u0161t\u011bn\u00ed pod\u00e1vaj\u00ed chleb\u00ed\u010dky. Chleb\u00ed\u010dky si mnoho lid\u00ed p\u0159ipravuje sami, proto\u017ee p\u0159\u00edprava je opravdu jednoduch\u00e1, ale koup\u00edte je snad ve v\u0161ech lah\u016fdk\u00e1\u0159stv\u00edch a pek\u00e1rn\u00e1ch po cel\u00e9 \u010cesk\u00e9 republice.Historie chleb\u00ed\u010dk\u016f sah\u00e1 do roku 1916. Stoj\u00ed za n\u00edm pra\u017esk\u00fd v\u00fdrobce lah\u016fdek Jan Paukert. Ji\u017e od za\u010d\u00e1tku, co za\u010dal ve sv\u00e9 prodejn\u011b chleb\u00ed\u010dky prod\u00e1vat, se staly naprostou senzac\u00ed. Na jeho origin\u00e1ln\u00edm receptu st\u00e1la veka, kter\u00e1 byla namazan\u00e1 bramborov\u00fdm sal\u00e1tem, na n\u011bm pra\u017esk\u00e1 \u0161unka, vejce, ement\u00e1l, sal\u00e1m a raj\u010de. Kombinace, kterou m\u016f\u017eete v\u00a0mnoha lah\u016fdk\u00e1\u0159stv\u00edch ochutnat dodnes.Dnes chleb\u00ed\u010dky se\u017eenete, nebo si m\u016f\u017eete p\u0159ipravit, prakticky ve v\u0161ech variant\u00e1ch. Fantazii se meze nekladou. Z\u00e1kladem pro chleb\u00ed\u010dek by m\u011bla b\u00fdt v\u017edy veka. Pokud pou\u017eijete nap\u0159\u00edklad francouzskou bagetu, po\u0159\u00e1d se m\u016f\u017ee jednat o opravdu skv\u011bl\u00fd pokrm, ale u\u017e se nebude jednat o tradi\u010dn\u00ed chleb\u00ed\u010dek.Na chleb\u00ed\u010dky m\u016f\u017eete pou\u017e\u00edt krom\u011b bramborov\u00e9ho sal\u00e1tu samoz\u0159ejm\u011b i jin\u00fd z\u00e1klad. V\u00a0na\u0161ich kon\u010din\u00e1ch je obl\u00edben\u00fd i sal\u00e1t vla\u0161sk\u00fd, pochoutkov\u00fd \u010di pa\u0159\u00ed\u017esk\u00fd. N\u011bkdo pou\u017e\u00edv\u00e1 oby\u010dejn\u00e9 m\u00e1slo, jin\u00ed vaje\u010dnou pomaz\u00e1nku, \u010di \u010desnekovou.A co d\u00e1me na vrch? Jak u\u017e jsme zm\u00ednili, fantazii se meze nekladou. Nejl\u00e9pe ud\u011bl\u00e1te, kdy\u017e si chleb\u00ed\u010dek poskl\u00e1d\u00e1te ze surovin, kter\u00e9 m\u00e1te r\u00e1di. \u0160unka, sal\u00e1m, eidam, ement\u00e1l, hermel\u00edn, rostb\u00edf, vejce, zelenina, krab\u00ed sal\u00e1t, kysel\u00e9 okurky, cibulka, nakl\u00e1dan\u00e1 zelenina, slanina, klob\u00e1ska\u2026zkr\u00e1tka na chleb\u00ed\u010dek se hod\u00ed v\u0161echno, co v\u00e1m chutn\u00e1.                                                                                                                                                                                                                                                                                                                                                                                         3.8\/5 - (5 votes)        "},{"@context":"https:\/\/schema.org\/","@type":"BreadcrumbList","itemListElement":[{"@type":"ListItem","position":1,"name":"Chleb\u00ed\u010dky jako perla \u010desk\u00e9 kuchyn\u011b","item":"https:\/\/www.colibra.cz\/chlebicky-jako-perla-ceske-kuchyne\/#breadcrumbitem"}]}]