[{"@context":"https:\/\/schema.org\/","@type":"Article","@id":"https:\/\/www.colibra.cz\/spatny-pocit-z-jizdy\/#Article","mainEntityOfPage":"https:\/\/www.colibra.cz\/spatny-pocit-z-jizdy\/","headline":"\u0160patn\u00fd pocit z j\u00edzdy","name":"\u0160patn\u00fd pocit z j\u00edzdy","description":"Dlouho jste uva\u017eovala nad t\u00edm, \u010d\u00edm to m\u016f\u017ee b\u00fdt, \u017ee se ve sv\u00e9m automobilu c\u00edt\u00edte v\u017edy tak nekomfortn\u011b. A t\u00edm &hellip; ","datePublished":"2024-11-06","dateModified":"2024-11-06","author":{"@type":"Person","@id":"https:\/\/www.colibra.cz\/author\/#Person","name":"","url":"https:\/\/www.colibra.cz\/author\/","identifier":1,"image":{"@type":"ImageObject","@id":"https:\/\/secure.gravatar.com\/avatar\/d81a95b988e562d8ac0fc1eb5578e43f924bf78e85c5259f0dcab44a306610fa?s=96&d=mm&r=g","url":"https:\/\/secure.gravatar.com\/avatar\/d81a95b988e562d8ac0fc1eb5578e43f924bf78e85c5259f0dcab44a306610fa?s=96&d=mm&r=g","height":96,"width":96}},"publisher":{"@type":"Organization","name":"colibra.cz","logo":{"@type":"ImageObject","@id":"\/logo.png","url":"\/logo.png","width":600,"height":60}},"url":"https:\/\/www.colibra.cz\/spatny-pocit-z-jizdy\/","wordCount":249,"articleBody":"\tDlouho jste uva\u017eovala nad t\u00edm, \u010d\u00edm to m\u016f\u017ee b\u00fdt, \u017ee se ve sv\u00e9m automobilu c\u00edt\u00edte v\u017edy tak nekomfortn\u011b. A t\u00edm konkr\u00e9tn\u011b mysl\u00edte to, \u017ee po pobytu v\u00a0n\u011bm jste v\u017edy zna\u010dn\u011b unaven\u00e1, pop\u0159\u00edpad\u011b v\u00e1s je\u0161t\u011b nav\u00edc i bol\u00ed hlava, co\u017e je pom\u011brn\u011b nep\u0159\u00edjemn\u00e9 p\u0159edev\u0161\u00edm v\u00a0p\u0159\u00edpad\u011b, kdy pot\u0159ebujete automobilem urazit v\u011bt\u0161\u00ed vzd\u00e1lenost jako v\u00a0p\u0159\u00edpad\u011b, kdy jedete za sv\u00fdmi klienty anebo do zahrani\u010d\u00ed, slu\u017eebn\u011b anebo na dovolenou. A pokud jde zrovna o pracovn\u00ed cestu, tak je to o to v\u00edce nep\u0159\u00edjemn\u00e9, proto\u017ee na takov\u00e9 pracovn\u00ed jedn\u00e1n\u00ed \u010dlov\u011bk pot\u0159ebuje dorazit sv\u011b\u017e\u00ed, v\u00a0pln\u00e9 s\u00edle a s\u00a0\u010distou hlavou, a ne se tr\u00e1pit nepohodl\u00edm a bolestmi, co\u017e ho v\u00fdznamn\u011b ovliv\u0148uje v\u00a0jeho pr\u00e1ci.\tJednoduch\u00e9 \u0159e\u0161en\u00edTak\u017ee kdy\u017e u\u017e jste v\u016fbec nev\u011bd\u011bla kudy kam, tak jste se s\u00a0\u0159e\u0161en\u00edm sv\u00e9ho probl\u00e9mu obr\u00e1tila na jeden servis a tam kupodivu ihned v\u011bd\u011bli, v\u00a0\u010dem z\u0159ejm\u011b v\u011bz\u00ed p\u0159\u00ed\u010dina va\u0161eho probl\u00e9mu, a doporu\u010dili v\u00e1m v\u00fdm\u011bnu va\u0161eho kabinov\u00e9ho filtru, kter\u00fd pr\u00fd z\u0159ejm\u011b nedokonale pohlcuje pachy a \u010d\u00e1stice proud\u00edc\u00ed z\u00a0venku dovnit\u0159. A m\u011bli naprostou pravdu, v\u00fdm\u011bna v\u00e1m pomohla, \u0161koda, \u017ee jste je neoslovila d\u0159\u00edve.                                                                                                                                                                                                                                                                                                                                                                                        3.3\/5 - (3 votes)        "},{"@context":"https:\/\/schema.org\/","@type":"BreadcrumbList","itemListElement":[{"@type":"ListItem","position":1,"name":"\u0160patn\u00fd pocit z j\u00edzdy","item":"https:\/\/www.colibra.cz\/spatny-pocit-z-jizdy\/#breadcrumbitem"}]}]