[{"@context":"https:\/\/schema.org\/","@type":"Article","@id":"https:\/\/www.colibra.cz\/vanocni-atmosfera\/#Article","mainEntityOfPage":"https:\/\/www.colibra.cz\/vanocni-atmosfera\/","headline":"V\u00e1no\u010dn\u00ed atmosf\u00e9ra","name":"V\u00e1no\u010dn\u00ed atmosf\u00e9ra","description":"V\u00e1noce jsou pro m\u011b v\u017edycky nejkr\u00e1sn\u011bj\u0161\u00edm obdob\u00edm roku. I p\u0159esto, \u017ee n\u011bkte\u0159\u00ed V\u00e1noce miluj\u00ed, n\u011bkdo je prost\u011b nem\u00e1 r\u00e1d. N\u011bkdo &hellip; ","datePublished":"2024-08-27","dateModified":"2024-08-27","author":{"@type":"Person","@id":"https:\/\/www.colibra.cz\/author\/#Person","name":"","url":"https:\/\/www.colibra.cz\/author\/","identifier":1,"image":{"@type":"ImageObject","@id":"https:\/\/secure.gravatar.com\/avatar\/d81a95b988e562d8ac0fc1eb5578e43f924bf78e85c5259f0dcab44a306610fa?s=96&d=mm&r=g","url":"https:\/\/secure.gravatar.com\/avatar\/d81a95b988e562d8ac0fc1eb5578e43f924bf78e85c5259f0dcab44a306610fa?s=96&d=mm&r=g","height":96,"width":96}},"publisher":{"@type":"Organization","name":"colibra.cz","logo":{"@type":"ImageObject","@id":"\/logo.png","url":"\/logo.png","width":600,"height":60}},"image":{"@type":"ImageObject","@id":"https:\/\/www.colibra.cz\/wp-content\/uploads\/advent-5912433_640_1.jpg","url":"https:\/\/www.colibra.cz\/wp-content\/uploads\/advent-5912433_640_1.jpg","height":0,"width":0},"url":"https:\/\/www.colibra.cz\/vanocni-atmosfera\/","about":["Byt a d\u016fm"],"wordCount":438,"articleBody":"V\u00e1noce jsou pro m\u011b v\u017edycky nejkr\u00e1sn\u011bj\u0161\u00edm obdob\u00edm roku. I p\u0159esto, \u017ee n\u011bkte\u0159\u00ed V\u00e1noce miluj\u00ed, n\u011bkdo je prost\u011b nem\u00e1 r\u00e1d. N\u011bkdo je slav\u00ed v\u00edce a n\u011bkdo m\u00e9n\u011b. N\u011bkdo ani nepe\u010den\u00e9 cukrov\u00ed. Z\u00e1le\u017e\u00ed jak\u00e9 m\u00e1 kdo preference. A i kdy\u017e jsou sv\u00e1tky spojeny s mnoha p\u0159\u00edpravami, pe\u010den\u00edm cukrov\u00ed a sh\u00e1n\u011bn\u00edm d\u00e1rk\u016f, nem\u00e9n\u011b d\u016fle\u017eit\u00e1 je pro m\u011b ta kouzeln\u00e1 atmosf\u00e9ra, kter\u00e1 se v dom\u00e1cnosti vytvo\u0159\u00ed d\u00edky v\u00e1no\u010dn\u00edm dekorac\u00edm. Kdy\u017e si kolem sebe rozestav\u00edte sv\u00ed\u010dky, v\u00e1no\u010dn\u00ed strome\u010dek a drobnosti, kter\u00e9 p\u0159ipom\u00ednaj\u00ed ten kouzeln\u00fd \u010das, hned se c\u00edt\u00edte jinak, \u017ee? Je to chv\u00edle, kdy v\u0161e zpomal\u00ed, a vy si m\u016f\u017eete u\u017e\u00edvat teplo domova, spole\u010dn\u00e9 chv\u00edle a pohodu.Za\u010d\u00edt m\u016f\u017eete t\u0159eba pr\u00e1v\u011b v\u00e1no\u010dn\u00edm strome\u010dkem. I kdy\u017e nemus\u00edte m\u00edt ka\u017ed\u00fd rok nov\u00fd, vybrat ten prav\u00fd a ozdobit ho dle vlastn\u00ed n\u00e1lady je opravdu z\u00e1\u017eitek. A\u0165 u\u017e zvol\u00edte tradi\u010dn\u00ed \u010derven\u00e9 a zlat\u00e9 kouli\u010dky, nebo se rozhodnete pro modern\u011bj\u0161\u00ed styl s b\u00edl\u00fdmi a st\u0159\u00edbrn\u00fdmi ozdobami, strome\u010dek vytvo\u0159\u00ed tu pravou atmosf\u00e9ru. A co teprve kdy\u017e rozsv\u00edt\u00edte sv\u011bt\u00fdlka! Ty drobn\u00e9 blikaj\u00edc\u00ed sv\u011bt\u00e9lka ud\u011blaj\u00ed z ka\u017ed\u00e9ho rohu m\u00edstnosti poh\u00e1dkovou kulisu.A kdy\u017e u\u017e mluv\u00edme o sv\u011bt\u00fdlk\u00e1ch, nem\u016f\u017eu si odpustit zm\u00ednit, jak\u00fd rozd\u00edl ud\u011blaj\u00ed po cel\u00e9m byt\u011b. Kdy\u017e um\u00edst\u00edte mal\u00e9 \u0159et\u011bzy se sv\u011bt\u00fdlky na okna, kolem zrcadel nebo na police, celkov\u00e1 atmosf\u00e9ra se okam\u017eit\u011b zm\u011bn\u00ed na p\u0159\u00edjemn\u011b teplou a \u00fatulnou. A kdy\u017e na n\u011b p\u0159id\u00e1te trochu zelen\u011b, t\u0159eba v\u011btve chvoj\u00ed nebo v\u011bnce, vytvo\u0159\u00edte ten prav\u00fd v\u00e1no\u010dn\u00ed \u010das. Co by to bylo za V\u00e1noce bez n\u011bjak\u00e9 t\u00e9 v\u016fn\u011b? Sko\u0159ice, vanilka, h\u0159eb\u00ed\u010dek, tyto v\u016fn\u011b se staly symbolem V\u00e1noc. Zapalte si t\u0159eba vonnou sv\u00ed\u010dku nebo si na st\u016fl dejte v\u00e1no\u010dn\u00ed dekorace, kter\u00e9 nejen vypadaj\u00ed kr\u00e1sn\u011b, ale i n\u00e1dhern\u011b von\u00ed. Na stole se skv\u011ble vyj\u00edmaj\u00ed i malink\u00e9 v\u00e1no\u010dn\u00ed strome\u010dky nebo origin\u00e1ln\u00ed adventn\u00ed v\u011bnce, kter\u00e9 si m\u016f\u017eete ka\u017ed\u00fd rok upravit podle vlastn\u00edho vkusu. V\u00e1noce jsou za dve\u0159mi a j\u00e1 se u\u017e t\u00e1\u00e1\u00e1k t\u011b\u0161\u00edm!                                                                                                                                                                                                                                                                                                                                                                                        4.7\/5 - (13 votes)        "},{"@context":"https:\/\/schema.org\/","@type":"BreadcrumbList","itemListElement":[{"@type":"ListItem","position":1,"name":"V\u00e1no\u010dn\u00ed atmosf\u00e9ra","item":"https:\/\/www.colibra.cz\/vanocni-atmosfera\/#breadcrumbitem"}]}]